{"id":25425,"date":"2014-01-27T16:51:11","date_gmt":"2014-01-27T13:51:11","guid":{"rendered":"https:\/\/www.beytug.com\/collection-beytug-tekstil-2014-2\/"},"modified":"2014-01-27T16:51:11","modified_gmt":"2014-01-27T13:51:11","slug":"collection-beytug-tekstil-2014-2","status":"publish","type":"post","link":"https:\/\/www.beytug.com\/fr\/collection-beytug-tekstil-2014-2\/","title":{"rendered":"Collection Beytug Tekstil 2014"},"content":{"rendered":"<p>La collection Beytu\u011f Tekstil 2014 a \u00e9t\u00e9 pr\u00e9sent\u00e9e \u00e0 nos chers clients avec des bo\u00eetes sp\u00e9ciales et de nouveaux produits.<\/p>\n","protected":false},"excerpt":{"rendered":"<p>La collection Beytu\u011f Tekstil 2014 a \u00e9t\u00e9 pr\u00e9sent\u00e9e \u00e0 nos chers clients avec des bo\u00eetes sp\u00e9ciales et de nouveaux produits.<\/p>\n","protected":false},"author":1,"featured_media":9748,"comment_status":"closed","ping_status":"closed","sticky":false,"template":"","format":"image","meta":{"_jetpack_memberships_contains_paid_content":false,"footnotes":""},"categories":[318],"tags":[],"class_list":["post-25425","post","type-post","status-publish","format-image","has-post-thumbnail","hentry","category--fr","post_format-post-format-image"],"acf":[],"yoast_head":"<!-- This site is optimized with the Yoast SEO plugin v24.5 - https:\/\/yoast.com\/wordpress\/plugins\/seo\/ -->\n<title>Collection Beytug Tekstil 2014 - Beytu\u011f Tekstil<\/title>\n<meta name=\"robots\" content=\"index, follow, max-snippet:-1, max-image-preview:large, max-video-preview:-1\" \/>\n<link rel=\"canonical\" href=\"https:\/\/www.beytug.com\/fr\/collection-beytug-tekstil-2014-2\/\" \/>\n<meta property=\"og:locale\" content=\"fr_FR\" \/>\n<meta property=\"og:type\" content=\"article\" \/>\n<meta property=\"og:title\" content=\"Collection Beytug Tekstil 2014 - Beytu\u011f Tekstil\" \/>\n<meta property=\"og:description\" content=\"La collection Beytu\u011f Tekstil 2014 a \u00e9t\u00e9 pr\u00e9sent\u00e9e \u00e0 nos chers clients avec des bo\u00eetes sp\u00e9ciales et de nouveaux produits.\" \/>\n<meta property=\"og:url\" content=\"https:\/\/www.beytug.com\/fr\/collection-beytug-tekstil-2014-2\/\" \/>\n<meta property=\"og:site_name\" content=\"Beytu\u011f Tekstil\" \/>\n<meta property=\"article:published_time\" content=\"2014-01-27T13:51:11+00:00\" \/>\n<meta property=\"og:image\" content=\"https:\/\/www.beytug.com\/wp-content\/uploads\/2018\/03\/20140127172900.jpg\" \/>\n\t<meta property=\"og:image:width\" content=\"1417\" \/>\n\t<meta property=\"og:image:height\" content=\"1134\" \/>\n\t<meta property=\"og:image:type\" content=\"image\/jpeg\" \/>\n<meta name=\"author\" content=\"cilimboz\" \/>\n<meta name=\"twitter:card\" content=\"summary_large_image\" \/>\n<meta name=\"twitter:label1\" content=\"\u00c9crit par\" \/>\n\t<meta name=\"twitter:data1\" content=\"cilimboz\" \/>\n<script type=\"application\/ld+json\" class=\"yoast-schema-graph\">{\"@context\":\"https:\/\/schema.org\",\"@graph\":[{\"@type\":\"WebPage\",\"@id\":\"https:\/\/www.beytug.com\/fr\/collection-beytug-tekstil-2014-2\/\",\"url\":\"https:\/\/www.beytug.com\/fr\/collection-beytug-tekstil-2014-2\/\",\"name\":\"Collection Beytug Tekstil 2014 - Beytu\u011f Tekstil\",\"isPartOf\":{\"@id\":\"https:\/\/www.beytug.com\/fr\/#website\"},\"primaryImageOfPage\":{\"@id\":\"https:\/\/www.beytug.com\/fr\/collection-beytug-tekstil-2014-2\/#primaryimage\"},\"image\":{\"@id\":\"https:\/\/www.beytug.com\/fr\/collection-beytug-tekstil-2014-2\/#primaryimage\"},\"thumbnailUrl\":\"https:\/\/www.beytug.com\/wp-content\/uploads\/2018\/03\/20140127172900.jpg\",\"datePublished\":\"2014-01-27T13:51:11+00:00\",\"author\":{\"@id\":\"https:\/\/www.beytug.com\/fr\/#\/schema\/person\/66f08dd803b745795e7bd41a25a75ce6\"},\"breadcrumb\":{\"@id\":\"https:\/\/www.beytug.com\/fr\/collection-beytug-tekstil-2014-2\/#breadcrumb\"},\"inLanguage\":\"fr-FR\",\"potentialAction\":[{\"@type\":\"ReadAction\",\"target\":[\"https:\/\/www.beytug.com\/fr\/collection-beytug-tekstil-2014-2\/\"]}]},{\"@type\":\"ImageObject\",\"inLanguage\":\"fr-FR\",\"@id\":\"https:\/\/www.beytug.com\/fr\/collection-beytug-tekstil-2014-2\/#primaryimage\",\"url\":\"https:\/\/www.beytug.com\/wp-content\/uploads\/2018\/03\/20140127172900.jpg\",\"contentUrl\":\"https:\/\/www.beytug.com\/wp-content\/uploads\/2018\/03\/20140127172900.jpg\",\"width\":1417,\"height\":1134},{\"@type\":\"BreadcrumbList\",\"@id\":\"https:\/\/www.beytug.com\/fr\/collection-beytug-tekstil-2014-2\/#breadcrumb\",\"itemListElement\":[{\"@type\":\"ListItem\",\"position\":1,\"name\":\"Home\",\"item\":\"https:\/\/www.beytug.com\/fr\/\"},{\"@type\":\"ListItem\",\"position\":2,\"name\":\"Collection Beytug Tekstil 2014\"}]},{\"@type\":\"WebSite\",\"@id\":\"https:\/\/www.beytug.com\/fr\/#website\",\"url\":\"https:\/\/www.beytug.com\/fr\/\",\"name\":\"Beytu\u011f Tekstil\",\"description\":\"\",\"potentialAction\":[{\"@type\":\"SearchAction\",\"target\":{\"@type\":\"EntryPoint\",\"urlTemplate\":\"https:\/\/www.beytug.com\/fr\/?s={search_term_string}\"},\"query-input\":{\"@type\":\"PropertyValueSpecification\",\"valueRequired\":true,\"valueName\":\"search_term_string\"}}],\"inLanguage\":\"fr-FR\"},{\"@type\":\"Person\",\"@id\":\"https:\/\/www.beytug.com\/fr\/#\/schema\/person\/66f08dd803b745795e7bd41a25a75ce6\",\"name\":\"cilimboz\",\"url\":\"https:\/\/www.beytug.com\/fr\/author\/cilimboz\/\"}]}<\/script>\n<!-- \/ Yoast SEO plugin. -->","yoast_head_json":{"title":"Collection Beytug Tekstil 2014 - Beytu\u011f Tekstil","robots":{"index":"index","follow":"follow","max-snippet":"max-snippet:-1","max-image-preview":"max-image-preview:large","max-video-preview":"max-video-preview:-1"},"canonical":"https:\/\/www.beytug.com\/fr\/collection-beytug-tekstil-2014-2\/","og_locale":"fr_FR","og_type":"article","og_title":"Collection Beytug Tekstil 2014 - Beytu\u011f Tekstil","og_description":"La collection Beytu\u011f Tekstil 2014 a \u00e9t\u00e9 pr\u00e9sent\u00e9e \u00e0 nos chers clients avec des bo\u00eetes sp\u00e9ciales et de nouveaux produits.","og_url":"https:\/\/www.beytug.com\/fr\/collection-beytug-tekstil-2014-2\/","og_site_name":"Beytu\u011f Tekstil","article_published_time":"2014-01-27T13:51:11+00:00","og_image":[{"width":1417,"height":1134,"url":"https:\/\/www.beytug.com\/wp-content\/uploads\/2018\/03\/20140127172900.jpg","type":"image\/jpeg"}],"author":"cilimboz","twitter_card":"summary_large_image","twitter_misc":{"\u00c9crit par":"cilimboz"},"schema":{"@context":"https:\/\/schema.org","@graph":[{"@type":"WebPage","@id":"https:\/\/www.beytug.com\/fr\/collection-beytug-tekstil-2014-2\/","url":"https:\/\/www.beytug.com\/fr\/collection-beytug-tekstil-2014-2\/","name":"Collection Beytug Tekstil 2014 - Beytu\u011f Tekstil","isPartOf":{"@id":"https:\/\/www.beytug.com\/fr\/#website"},"primaryImageOfPage":{"@id":"https:\/\/www.beytug.com\/fr\/collection-beytug-tekstil-2014-2\/#primaryimage"},"image":{"@id":"https:\/\/www.beytug.com\/fr\/collection-beytug-tekstil-2014-2\/#primaryimage"},"thumbnailUrl":"https:\/\/www.beytug.com\/wp-content\/uploads\/2018\/03\/20140127172900.jpg","datePublished":"2014-01-27T13:51:11+00:00","author":{"@id":"https:\/\/www.beytug.com\/fr\/#\/schema\/person\/66f08dd803b745795e7bd41a25a75ce6"},"breadcrumb":{"@id":"https:\/\/www.beytug.com\/fr\/collection-beytug-tekstil-2014-2\/#breadcrumb"},"inLanguage":"fr-FR","potentialAction":[{"@type":"ReadAction","target":["https:\/\/www.beytug.com\/fr\/collection-beytug-tekstil-2014-2\/"]}]},{"@type":"ImageObject","inLanguage":"fr-FR","@id":"https:\/\/www.beytug.com\/fr\/collection-beytug-tekstil-2014-2\/#primaryimage","url":"https:\/\/www.beytug.com\/wp-content\/uploads\/2018\/03\/20140127172900.jpg","contentUrl":"https:\/\/www.beytug.com\/wp-content\/uploads\/2018\/03\/20140127172900.jpg","width":1417,"height":1134},{"@type":"BreadcrumbList","@id":"https:\/\/www.beytug.com\/fr\/collection-beytug-tekstil-2014-2\/#breadcrumb","itemListElement":[{"@type":"ListItem","position":1,"name":"Home","item":"https:\/\/www.beytug.com\/fr\/"},{"@type":"ListItem","position":2,"name":"Collection Beytug Tekstil 2014"}]},{"@type":"WebSite","@id":"https:\/\/www.beytug.com\/fr\/#website","url":"https:\/\/www.beytug.com\/fr\/","name":"Beytu\u011f Tekstil","description":"","potentialAction":[{"@type":"SearchAction","target":{"@type":"EntryPoint","urlTemplate":"https:\/\/www.beytug.com\/fr\/?s={search_term_string}"},"query-input":{"@type":"PropertyValueSpecification","valueRequired":true,"valueName":"search_term_string"}}],"inLanguage":"fr-FR"},{"@type":"Person","@id":"https:\/\/www.beytug.com\/fr\/#\/schema\/person\/66f08dd803b745795e7bd41a25a75ce6","name":"cilimboz","url":"https:\/\/www.beytug.com\/fr\/author\/cilimboz\/"}]}},"jetpack_featured_media_url":"https:\/\/www.beytug.com\/wp-content\/uploads\/2018\/03\/20140127172900.jpg","jetpack_sharing_enabled":true,"_links":{"self":[{"href":"https:\/\/www.beytug.com\/fr\/wp-json\/wp\/v2\/posts\/25425","targetHints":{"allow":["GET"]}}],"collection":[{"href":"https:\/\/www.beytug.com\/fr\/wp-json\/wp\/v2\/posts"}],"about":[{"href":"https:\/\/www.beytug.com\/fr\/wp-json\/wp\/v2\/types\/post"}],"author":[{"embeddable":true,"href":"https:\/\/www.beytug.com\/fr\/wp-json\/wp\/v2\/users\/1"}],"replies":[{"embeddable":true,"href":"https:\/\/www.beytug.com\/fr\/wp-json\/wp\/v2\/comments?post=25425"}],"version-history":[{"count":0,"href":"https:\/\/www.beytug.com\/fr\/wp-json\/wp\/v2\/posts\/25425\/revisions"}],"wp:featuredmedia":[{"embeddable":true,"href":"https:\/\/www.beytug.com\/fr\/wp-json\/wp\/v2\/media\/9748"}],"wp:attachment":[{"href":"https:\/\/www.beytug.com\/fr\/wp-json\/wp\/v2\/media?parent=25425"}],"wp:term":[{"taxonomy":"category","embeddable":true,"href":"https:\/\/www.beytug.com\/fr\/wp-json\/wp\/v2\/categories?post=25425"},{"taxonomy":"post_tag","embeddable":true,"href":"https:\/\/www.beytug.com\/fr\/wp-json\/wp\/v2\/tags?post=25425"}],"curies":[{"name":"wp","href":"https:\/\/api.w.org\/{rel}","templated":true}]}}